{"id":3382,"date":"2025-03-30T18:26:00","date_gmt":"2025-03-30T16:26:00","guid":{"rendered":"https:\/\/www.offerte-lavoro.net\/magazine\/?p=3382"},"modified":"2025-03-18T18:28:10","modified_gmt":"2025-03-18T17:28:10","slug":"anno-sabbatico","status":"publish","type":"post","link":"https:\/\/www.offerte-lavoro.net\/magazine\/anno-sabbatico\/","title":{"rendered":"Anno sabbatico, cosa ne pensano gli psicologi"},"content":{"rendered":"\n<p>C\u2019\u00e8 un momento, prima o poi, in cui il pensiero si affaccia:&nbsp;<strong>\u201cE se mollassi tutto per un po\u2019?\u201d<\/strong>&nbsp;Non per sempre, certo, ma giusto il tempo di respirare, cambiare aria, mettere ordine fra i pensieri che si sono accumulati come libri impolverati su una mensola che nessuno si decide a spolverare.&nbsp;<strong>Prendersi un anno sabbatico<\/strong>&nbsp;\u00e8 un po\u2019 come fare quel respiro profondo dopo una lunga apnea. Ma non tutti la vedono allo stesso modo, e allora viene spontaneo chiedersi:&nbsp;<strong>cosa ne pensano gli psicologi di questa scelta?<\/strong><\/p>\n\n\n\n<h2>Fermarsi non \u00e8 scappare, \u00e8 ricominciare (a modo proprio)<\/h2>\n\n\n\n<p>Ti dir\u00f2, l\u2019idea di prendermi un anno sabbatico mi ha sempre affascinato. E pare che non sia solo un capriccio. Secondo molti psicologi,&nbsp;<strong>prendersi del tempo per s\u00e9 pu\u00f2 essere una vera boccata d\u2019ossigeno per la mente<\/strong>, soprattutto se si \u00e8 ingabbiati in routine che consumano pi\u00f9 di quanto si riesca a ricostruire. A volte \u00e8 come continuare a camminare su un tapis roulant senza andare da nessuna parte. Fermarsi, per contro, pu\u00f2 significare&nbsp;<strong>riprendere il controllo della propria vita<\/strong>.<\/p>\n\n\n\n<p>Quello che dicono, per\u00f2, \u00e8 che non si tratta di una fuga.&nbsp;<strong>Non \u00e8 scappare dai problemi, ma trovare il coraggio di guardarli in faccia da un\u2019altra prospettiva<\/strong>. Cambiare scenario, lingua, abitudini, magari farsi un giro dall\u2019altra parte del mondo o semplicemente rallentare nella propria citt\u00e0, pu\u00f2 offrire lo spazio mentale necessario per rimettere insieme i pezzi di s\u00e9.<\/p>\n\n\n\n<h2>Il rovescio della medaglia: non sempre le cose filano lisce<\/h2>\n\n\n\n<p>Ovviamente non tutto fila sempre liscio.&nbsp;<strong>Un anno sabbatico non \u00e8 una vacanza di dodici mesi<\/strong>, anche se suona cos\u00ec. E qui gli psicologi sono piuttosto chiari:&nbsp;<strong>se non hai un piano, rischi di perderti per strada<\/strong>. Un po\u2019 come partire per un viaggio senza sapere dove andare, finendo per girare in tondo e ritrovarti pi\u00f9 confuso di prima.<\/p>\n\n\n\n<p>C\u2019\u00e8 chi racconta di aver sperimentato&nbsp;<strong>una strana inquietudine<\/strong>, come se, tolti i doveri di ogni giorno, non sapesse pi\u00f9 che pesci pigliare. Si rischia di perdere il ritmo, di sentirsi fuori dai giochi, soprattutto in contesti dove la produttivit\u00e0 sembra l\u2019unico metro di misura per valutare il valore di una persona. Insomma,&nbsp;<strong>il silenzio e il tempo libero, se non li sai gestire, possono diventare una trappola<\/strong>&nbsp;pi\u00f9 che una liberazione.<\/p>\n\n\n\n<h2>Ci vuole testa: darsi uno scopo cambia tutto<\/h2>\n\n\n\n<p>E allora,&nbsp;<strong>come si fa a vivere bene un anno sabbatico?<\/strong>&nbsp;Non c\u2019\u00e8 una formula magica, ma una cosa \u00e8 certa:&nbsp;<strong>serve uno scopo<\/strong>. Anche il pi\u00f9 semplice. Non deve essere per forza \u201candare a trovare s\u00e9 stessi\u201d \u2013 che poi, dove sta \u2018sto s\u00e9 stesso che nessuno l\u2019ha mai visto? \u2013 ma&nbsp;<strong>avere un\u2019idea di cosa vuoi fare aiuta a non vagare senza meta<\/strong>.<\/p>\n\n\n\n<p>Qualcuno sceglie di imparare una nuova lingua, altri fanno volontariato, c\u2019\u00e8 chi apre un blog di viaggi o decide di scrivere un libro che aveva nel cassetto da anni.&nbsp;<strong>L\u2019importante \u00e8 svegliarsi al mattino con qualcosa che ti faccia alzare dal letto<\/strong>, altrimenti la tentazione di buttarsi sul divano con Netflix e patatine pu\u00f2 diventare la regola. E l\u00ec s\u00ec che il rischio \u00e8 di tornare pi\u00f9 stanchi di prima.<\/p>\n\n\n\n<h2>La voce degli altri: tra chi applaude e chi storce il naso<\/h2>\n\n\n\n<p>C\u2019\u00e8 poi da mettere in conto&nbsp;<strong>il giudizio degli altri<\/strong>, che pu\u00f2 pesare, eccome. La famiglia che ti guarda come se fossi un alieno: \u201cMa come? Lasci il lavoro stabile per\u2026 non fare niente?\u201d O gli amici che ti chiedono ogni due per tre&nbsp;<strong>quando hai intenzione di \u201crimetterti in carreggiata\u201d<\/strong>, come se nel frattempo fossi uscito di strada. La verit\u00e0 \u00e8 che&nbsp;<strong>viviamo in una societ\u00e0 che ti misura spesso su quanto produci, non su quanto cresci<\/strong>.<\/p>\n\n\n\n<p>Eppure, se chiedi a chi ha vissuto davvero questa esperienza, ti dir\u00e0 che&nbsp;<strong>l\u2019anno sabbatico \u00e8 stato forse il periodo pi\u00f9 utile della sua vita<\/strong>. Non per quello che ha fatto, ma per ci\u00f2 che ha capito. Magari che lavorare senza sosta non \u00e8 l\u2019unico modo di sentirsi vivi. O che il successo, quello vero, si misura su scale diverse da quelle che ci hanno insegnato.<\/p>\n\n\n\n<h2>Prendersi un anno sabbatico \u00e8 un atto di coraggio (e di amore verso s\u00e9 stessi)<\/h2>\n\n\n\n<p>Alla fine dei giochi,&nbsp;<strong>prendersi un anno sabbatico \u00e8 un atto di coraggio<\/strong>. Di quelli che non si leggono nei manuali di self-help, ma che si scrivono sulla pelle.&nbsp;<strong>\u00c8 scegliere di fermarsi mentre tutti corrono<\/strong>, anche solo per capire se si sta andando nella direzione giusta.<\/p>\n\n\n\n<p>Io penso che&nbsp;<strong>dovremmo smettere di considerare il tempo come qualcosa da riempire a forza di impegni<\/strong>. Il tempo va vissuto, goduto, e, perch\u00e9 no, anche lasciato scorrere senza fare nulla di eclatante.&nbsp;<strong>Un anno sabbatico pu\u00f2 essere la miglior medicina per chi ha bisogno di ritrovarsi, o semplicemente di respirare<\/strong>.<\/p>\n\n\n\n<p>E se stai pensando di farlo anche tu, il mio consiglio \u00e8 semplice:&nbsp;<strong>ascoltati<\/strong>. Non c\u2019\u00e8 un momento giusto, n\u00e9 una formula valida per tutti. Ma se senti che \u00e8 arrivata l\u2019ora, magari \u00e8 davvero il momento di fare quella valigia.<\/p>\n","protected":false},"excerpt":{"rendered":"<p>C\u2019\u00e8 un momento, prima o poi, in cui il pensiero si affaccia:&nbsp;\u201cE se mollassi tutto per un po\u2019?\u201d&nbsp;Non per sempre, certo, ma giusto il tempo di respirare, cambiare aria, mettere ordine fra i pensieri che si sono accumulati come libri impolverati su una mensola che nessuno si decide a spolverare.&nbsp;Prendersi un anno sabbatico&nbsp;\u00e8 un po\u2019 &hellip; <\/p>\n","protected":false},"author":1,"featured_media":3383,"comment_status":"closed","ping_status":"closed","sticky":false,"template":"","format":"standard","meta":[],"categories":[50],"tags":[],"_links":{"self":[{"href":"https:\/\/www.offerte-lavoro.net\/magazine\/wp-json\/wp\/v2\/posts\/3382"}],"collection":[{"href":"https:\/\/www.offerte-lavoro.net\/magazine\/wp-json\/wp\/v2\/posts"}],"about":[{"href":"https:\/\/www.offerte-lavoro.net\/magazine\/wp-json\/wp\/v2\/types\/post"}],"author":[{"embeddable":true,"href":"https:\/\/www.offerte-lavoro.net\/magazine\/wp-json\/wp\/v2\/users\/1"}],"replies":[{"embeddable":true,"href":"https:\/\/www.offerte-lavoro.net\/magazine\/wp-json\/wp\/v2\/comments?post=3382"}],"version-history":[{"count":1,"href":"https:\/\/www.offerte-lavoro.net\/magazine\/wp-json\/wp\/v2\/posts\/3382\/revisions"}],"predecessor-version":[{"id":3384,"href":"https:\/\/www.offerte-lavoro.net\/magazine\/wp-json\/wp\/v2\/posts\/3382\/revisions\/3384"}],"wp:featuredmedia":[{"embeddable":true,"href":"https:\/\/www.offerte-lavoro.net\/magazine\/wp-json\/wp\/v2\/media\/3383"}],"wp:attachment":[{"href":"https:\/\/www.offerte-lavoro.net\/magazine\/wp-json\/wp\/v2\/media?parent=3382"}],"wp:term":[{"taxonomy":"category","embeddable":true,"href":"https:\/\/www.offerte-lavoro.net\/magazine\/wp-json\/wp\/v2\/categories?post=3382"},{"taxonomy":"post_tag","embeddable":true,"href":"https:\/\/www.offerte-lavoro.net\/magazine\/wp-json\/wp\/v2\/tags?post=3382"}],"curies":[{"name":"wp","href":"https:\/\/api.w.org\/{rel}","templated":true}]}}