{"id":3170,"date":"2021-11-10T09:24:24","date_gmt":"2021-11-10T08:24:24","guid":{"rendered":"http:\/\/www.offerte-lavoro.net\/magazine\/?p=3170"},"modified":"2021-11-10T09:24:25","modified_gmt":"2021-11-10T08:24:25","slug":"promozione-della-sicurezza-sul-lavoro-un-fattore-culturale","status":"publish","type":"post","link":"https:\/\/www.offerte-lavoro.net\/magazine\/promozione-della-sicurezza-sul-lavoro-un-fattore-culturale\/","title":{"rendered":"Promozione della sicurezza sul lavoro, un fattore culturale"},"content":{"rendered":"\n<p>La <strong>cultura della sicurezza<\/strong> merita di essere diffusa e promossa su pi\u00f9 livelli.<\/p>\n\n\n\n<h2>Si pu\u00f2 affermare che il problema della sicurezza sia anche culturale?<\/h2>\n\n\n\n<p>Certo che s\u00ec, e fino a quando nella <strong>forma mentis aziendale<\/strong> non avr\u00e0 preso posto il concetto della sua importanza saremo costretti a fare i conti con pratiche a dir poco inadeguate. La cultura della sicurezza pu\u00f2 essere descritta come la serie di pratiche di carattere organizzativo e di natura professionale di un\u2019azienda; essa comprende anche i suoi modi di pensare il rischio, di percepirlo e soprattutto di rappresentarlo. Ma della <strong>cultura aziendale<\/strong> fanno parte anche convenzioni e norme, siano esse scritte o anche solo formali.<\/p>\n\n\n\n<h2>A che cosa serve la cultura della sicurezza?<\/h2>\n\n\n\n<p>Essa pu\u00f2 essere considerata come il punto di riferimento per la condivisione delle pratiche di prevenzione e per la loro attuazione, per uno scopo primario: quello di guidare <strong>ogni tipo di comportamento<\/strong>, collettivo o individuale, in direzione della riduzione dei rischi. In un contesto di questo tipo comportamenti simili non hanno solo implicazioni di carattere economico, ma denotano <strong>un valore anche sociale ed etico<\/strong>. Ecco spiegato il motivo per il quale la prevenzione deve entrare a far parte, anche con una certa urgenza, nelle strategie di impresa, come un elemento indispensabile per il vantaggio competitivo, rispetto al quale pu\u00f2 costituire perfino un fattore di impulso.<\/p>\n\n\n\n<h2>Come si pu\u00f2 raggiungere questo obiettivo?<\/h2>\n\n\n\n<p>La cultura della sicurezza \u00e8, in un certo senso, in <strong>una fase primordiale<\/strong>: per questo motivo ha bisogno di maturare. Una strada che si pu\u00f2 seguire \u00e8 quella che conduce alla responsabilizzazione dei vari soggetti a cui le norme sono destinate. \u00c8 altres\u00ec fondamentale operare una <strong>netta suddivisione delle competenze<\/strong> e dei ruoli nel contesto del processo organizzativo. Per fare in modo che la cultura della sicurezza si possa diffondere sul serio \u00e8 necessario andare oltre la concezione per la quale la salute e la sicurezza sul lavoro possono essere tutelate unicamente con il rispetto degli <strong>obblighi di legge<\/strong>, soprattutto quando questo obbligo \u2013 e accade di frequente \u2013 viene interpretato e considerato come un peso, una fastidiosa incombenza che ha il solo effetto di rallentare o compromettere l\u2019organizzazione.<\/p>\n\n\n\n<h2>C\u2019\u00e8 bisogno di un approccio diverso, allora?<\/h2>\n\n\n\n<p>Se \u00e8 vero che la salute viene considerata da un punto di vista normativo un diritto fondamentale del singolo, \u00e8 altrettanto vero che la sicurezza sul lavoro \u00e8 anche <strong>un concetto sociale<\/strong>. Si tratta, insomma, di soddisfare quello che \u00e8 prima di tutto un interesse per tutta la collettivit\u00e0. In altre parole, la protezione e la tutela della sicurezza sul posto di lavoro non devono essere un riferimento unicamente per il singolo, ma anche per la <strong>dimensione collettiva<\/strong>. Si deve passare, allora, da un sistema che si fonda sulla prevenzione delle malattie a un sistema che si focalizza prima di tutto sulla protezione della salute, da considerare come uno stato di benessere complessivo che riguarda il fisico e la psiche.<\/p>\n\n\n\n<h2>Si pu\u00f2 definire olistico questo approccio?<\/h2>\n\n\n\n<p>Certo che s\u00ec, fermo restando che il singolo rimane sempre il fulcro delle <strong>azioni di tutela<\/strong>, come previsto dalla normativa nazionale e internazionale pi\u00f9 recente. Gli interventi e le azioni devono essere adattati alla collettivit\u00e0, e quello che ne scaturisce \u00e8 \u2013 appunto \u2013 un <strong>approccio olistico <\/strong>nei confronti della prevenzione. La salute non deriva solo da specifici parametri medici, ma \u00e8 anche il risultato di fattori sociali e culturali che hanno a che fare con le emozioni e con gli stati d\u2019animo, per una sfera soprattutto intima.<\/p>\n","protected":false},"excerpt":{"rendered":"<p>La cultura della sicurezza merita di essere diffusa e promossa su pi\u00f9 livelli. Si pu\u00f2 affermare che il problema della sicurezza sia anche culturale? Certo che s\u00ec, e fino a quando nella forma mentis aziendale non avr\u00e0 preso posto il concetto della sua importanza saremo costretti a fare i conti con pratiche a dir poco &hellip; <\/p>\n","protected":false},"author":1,"featured_media":3171,"comment_status":"open","ping_status":"open","sticky":false,"template":"","format":"standard","meta":[],"categories":[46],"tags":[],"_links":{"self":[{"href":"https:\/\/www.offerte-lavoro.net\/magazine\/wp-json\/wp\/v2\/posts\/3170"}],"collection":[{"href":"https:\/\/www.offerte-lavoro.net\/magazine\/wp-json\/wp\/v2\/posts"}],"about":[{"href":"https:\/\/www.offerte-lavoro.net\/magazine\/wp-json\/wp\/v2\/types\/post"}],"author":[{"embeddable":true,"href":"https:\/\/www.offerte-lavoro.net\/magazine\/wp-json\/wp\/v2\/users\/1"}],"replies":[{"embeddable":true,"href":"https:\/\/www.offerte-lavoro.net\/magazine\/wp-json\/wp\/v2\/comments?post=3170"}],"version-history":[{"count":1,"href":"https:\/\/www.offerte-lavoro.net\/magazine\/wp-json\/wp\/v2\/posts\/3170\/revisions"}],"predecessor-version":[{"id":3172,"href":"https:\/\/www.offerte-lavoro.net\/magazine\/wp-json\/wp\/v2\/posts\/3170\/revisions\/3172"}],"wp:featuredmedia":[{"embeddable":true,"href":"https:\/\/www.offerte-lavoro.net\/magazine\/wp-json\/wp\/v2\/media\/3171"}],"wp:attachment":[{"href":"https:\/\/www.offerte-lavoro.net\/magazine\/wp-json\/wp\/v2\/media?parent=3170"}],"wp:term":[{"taxonomy":"category","embeddable":true,"href":"https:\/\/www.offerte-lavoro.net\/magazine\/wp-json\/wp\/v2\/categories?post=3170"},{"taxonomy":"post_tag","embeddable":true,"href":"https:\/\/www.offerte-lavoro.net\/magazine\/wp-json\/wp\/v2\/tags?post=3170"}],"curies":[{"name":"wp","href":"https:\/\/api.w.org\/{rel}","templated":true}]}}