{"id":3090,"date":"2021-02-25T12:17:08","date_gmt":"2021-02-25T11:17:08","guid":{"rendered":"http:\/\/www.offerte-lavoro.net\/magazine\/?p=3090"},"modified":"2021-02-25T12:17:26","modified_gmt":"2021-02-25T11:17:26","slug":"lavoro-i-commercianti-bistrattati-del-settore-abbigliamento","status":"publish","type":"post","link":"https:\/\/www.offerte-lavoro.net\/magazine\/lavoro-i-commercianti-bistrattati-del-settore-abbigliamento\/","title":{"rendered":"Lavoro, i &#8220;commercianti bistrattati&#8221; del settore abbigliamento raccontano le loro storie"},"content":{"rendered":"\n<p>Specialmente in questo periodo cos\u00ec nero della nostra storia recente, in cui&nbsp;<strong>l\u2019emergenza sanitaria causata dal covid 19, non fa altro che acuire le problematiche economiche<\/strong>&nbsp;della crisi del commercio che, ricordiamolo, era gia\u2019 evidente da prima della pandemia, capita sempre pi\u00f9 frequentemente di imbattersi in articoli che raccontano vicende di difficolt\u00e0 e a volte di disperazione di tanti imprenditori che non ce la fanno pi\u00f9 ad andare avanti.<\/p>\n\n\n\n<p><strong>Fare impresa in Italia negli ultimi anni \u00e8 diventata un\u2019attivit\u00e0 da masochisti<\/strong>&nbsp;visionari, da avventurieri, da nostalgici dei \u201cbei tempi andati\u201d nei quali l\u2019importante era avere delle&nbsp;<strong>buone idee e tanta voglia di crescere<\/strong>&nbsp;lavorando per fare profitto ed affermarsi nel mondo del commercio. Noi Italiani primeggiavamo nello spirito imprenditoriale,&nbsp;<strong>siamo sempre stati commercianti nati<\/strong>&nbsp;e la Storia con la S maiuscola \u00e8 piena di esempi di persone che sono riuscite a vendere con successo i propri prodotti in tutto il mondo.<\/p>\n\n\n\n<p><strong>Oggi il mondo del commercio \u00e8 cambiato<\/strong>, ce ne siamo accorti tutti, e conosciamo benissimo le dinamiche che hanno portato a questa situazione negativa: l\u2019avvento della globalizzazione selvaggia che ha finito per penalizzare i prodotti nostrani, la crisi finanziaria del primo decennio dei duemila,&nbsp;<strong>il sistema di tassazione \u201cmedievale\u201d<\/strong>imposto da una parte delle Nazioni avanzate, e non per ultima l\u2019inadeguatezza di una larga parte della societ\u00e0 industriale italiana che non \u00e8 stata capace di guardare oltre il proprio naso e troppo spesso si \u00e8 dimostrata troppo arrendevole con il mercato e troppo rapace con i propri collaboratori e retalilers.<\/p>\n\n\n\n<p><strong>Leggiamo quasi tutti i giorni articoli su negozi che chiudono in tutte le citt\u00e0 italiane<\/strong>. La crisi non risparmia nessuno, anche se quello dell\u2019abbigliamento \u00e8 un settore che sta soffrendo da molto tempo quasi in silenzio.&nbsp;<strong>Chiusure di negozi a Roma, a Milano, a Torino, a Firenze, a Napoli, e in tutte la provincie del nostro sofferente Bel Paese<\/strong>&nbsp;di cui la stampa nazionale si occupa solo marginalmente. Vicende di cui sul momento scrivono quasi tutti i giornali, ma che rapidamente finiscono nel dimenticatoio. Storie che tuttavia trovano particolare risalto, ovviamente, in una manciata di siti internet, a volte legati ad&nbsp;<strong>associazioni di categoria che cercano di tutelare i diritti dei lavoratori o a gruppi di ex operatori del settore che decidono di unirsi<\/strong>, farsi forza a vicenda e raccontare la propria esperienza al mondo intero. E\u2019 il caso del&nbsp;<a href=\"https:\/\/ucbfamily.com\/\">blog dell\u2019Unione dei Commercianti Bistrati<\/a>, scritto e frequentato quasi esclusivamente da ex commercianti del settore abbigliamento che, purtroppo, ben conoscono quel tipo di dinamiche che possono portare al fallimento di un\u2019attivit\u00e0 commerciale del settore abbigliamento,<\/p>\n\n\n\n<p>Si tratta di blog \u201cpiccolo\u201d ma ben ordinato, in cui&nbsp;<strong>tanti commercianti, rovinati dalla congiuntura economica<\/strong>&nbsp;e da altro, scrivono e condividono le proprie storie personali cariche di dolore, ma anche di speranza di ricominciare (in fondo abbiamo sempre a che fare con imprenditori italiani con il commercio nel sangue) che da tempo segnalano le proprie difficolt\u00e0 e mettono in evidenza i limiti del commercio in franchising con le regole odierne.&nbsp;<strong>Non piangersi addosso, confrontarsi in maniera costruttiva e tentare di modificare il sistema di vendita<\/strong>&nbsp;\u00e8 una cosa estremamente positiva e dei blog come questo ( ve ne sono anche altri in rete), che non si limitano a sparare a zero sulla societ\u00e0, ma propongono alternative possono divenire un punto di ri-partenza per tanti operosi imprenditori che vogliono rimettersi in gioco ed evitare di commettere errori che altri hanno gi\u00e0 sperimentato.<\/p>\n","protected":false},"excerpt":{"rendered":"<p>Specialmente in questo periodo cos\u00ec nero della nostra storia recente, in cui&nbsp;l\u2019emergenza sanitaria causata dal covid 19, non fa altro che acuire le problematiche economiche&nbsp;della crisi del commercio che, ricordiamolo, era gia\u2019 evidente da prima della pandemia, capita sempre pi\u00f9 frequentemente di imbattersi in articoli che raccontano vicende di difficolt\u00e0 e a volte di disperazione &hellip; <\/p>\n","protected":false},"author":1,"featured_media":3091,"comment_status":"open","ping_status":"open","sticky":false,"template":"","format":"standard","meta":[],"categories":[50],"tags":[],"_links":{"self":[{"href":"https:\/\/www.offerte-lavoro.net\/magazine\/wp-json\/wp\/v2\/posts\/3090"}],"collection":[{"href":"https:\/\/www.offerte-lavoro.net\/magazine\/wp-json\/wp\/v2\/posts"}],"about":[{"href":"https:\/\/www.offerte-lavoro.net\/magazine\/wp-json\/wp\/v2\/types\/post"}],"author":[{"embeddable":true,"href":"https:\/\/www.offerte-lavoro.net\/magazine\/wp-json\/wp\/v2\/users\/1"}],"replies":[{"embeddable":true,"href":"https:\/\/www.offerte-lavoro.net\/magazine\/wp-json\/wp\/v2\/comments?post=3090"}],"version-history":[{"count":1,"href":"https:\/\/www.offerte-lavoro.net\/magazine\/wp-json\/wp\/v2\/posts\/3090\/revisions"}],"predecessor-version":[{"id":3092,"href":"https:\/\/www.offerte-lavoro.net\/magazine\/wp-json\/wp\/v2\/posts\/3090\/revisions\/3092"}],"wp:featuredmedia":[{"embeddable":true,"href":"https:\/\/www.offerte-lavoro.net\/magazine\/wp-json\/wp\/v2\/media\/3091"}],"wp:attachment":[{"href":"https:\/\/www.offerte-lavoro.net\/magazine\/wp-json\/wp\/v2\/media?parent=3090"}],"wp:term":[{"taxonomy":"category","embeddable":true,"href":"https:\/\/www.offerte-lavoro.net\/magazine\/wp-json\/wp\/v2\/categories?post=3090"},{"taxonomy":"post_tag","embeddable":true,"href":"https:\/\/www.offerte-lavoro.net\/magazine\/wp-json\/wp\/v2\/tags?post=3090"}],"curies":[{"name":"wp","href":"https:\/\/api.w.org\/{rel}","templated":true}]}}